{"id":966,"date":"2017-01-01T20:04:53","date_gmt":"2017-01-01T19:04:53","guid":{"rendered":"https:\/\/www.linkslesestaerke.de\/?p=966"},"modified":"2017-01-01T20:06:07","modified_gmt":"2017-01-01T19:06:07","slug":"2016-war-eigentlich-doch-ganz-gut","status":"publish","type":"post","link":"https:\/\/www.linkslesestaerke.de\/?p=966","title":{"rendered":"#2016 war eigentlich doch ganz gut&#8230;"},"content":{"rendered":"<p><a href=\"https:\/\/www.linkslesestaerke.de\/wp-content\/uploads\/2016\/12\/Lesejahr2016.jpg\"><img loading=\"lazy\" decoding=\"async\" src=\"https:\/\/www.linkslesestaerke.de\/wp-content\/uploads\/2016\/12\/Lesejahr2016.jpg\" alt=\"lesejahr2016\" width=\"580\" height=\"324\" class=\"alignnone size-full wp-image-967\" srcset=\"https:\/\/www.linkslesestaerke.de\/wp-content\/uploads\/2016\/12\/Lesejahr2016.jpg 580w, https:\/\/www.linkslesestaerke.de\/wp-content\/uploads\/2016\/12\/Lesejahr2016-300x168.jpg 300w\" sizes=\"auto, (max-width: 580px) 100vw, 580px\" \/><\/a><\/p>\n<p>#2016 hat ja eigentlich eher einen negativen Beigeschmack. So viele prominenente K\u00fcnstler hat dieses Jahr vorzeitig aus dem Leben gerissen, Brexit, Trumpwahl und die Ereignisse in Berlin sitzen uns alle noch in den Knochen &#8230;<\/p>\n<p>Aber vielleicht gilt es genau deswegen das Gute zu Feiern, das Sch\u00f6ne, das Unvergessliche, das 2016 eben auch bereit gehalten hat.<\/p>\n<p>F\u00fcr mich war es nicht nur ein Jahr mit gleich zwei Neuerscheinungen (&#8222;Linkslesemut&#8220; und &#8222;Der Theoretikerclub&#8220;), sondern eines mit wundervollen Leseeindr\u00fccken.<\/p>\n<p><a href=\"https:\/\/www.linkslesestaerke.de\/wp-content\/uploads\/2016\/11\/B\u00fccherschau9.jpg\"><img loading=\"lazy\" decoding=\"async\" src=\"https:\/\/www.linkslesestaerke.de\/wp-content\/uploads\/2016\/11\/B\u00fccherschau9.jpg\" alt=\"buecherschau9\" width=\"580\" height=\"324\" class=\"alignnone size-full wp-image-905\" srcset=\"https:\/\/www.linkslesestaerke.de\/wp-content\/uploads\/2016\/11\/B\u00fccherschau9.jpg 580w, https:\/\/www.linkslesestaerke.de\/wp-content\/uploads\/2016\/11\/B\u00fccherschau9-300x168.jpg 300w\" sizes=\"auto, (max-width: 580px) 100vw, 580px\" \/><\/a><\/p>\n<p>Damit meine ich auch, aber nicht nur die im heimischen Lesesessel (oben eine kleine, subjektive, total unvollst\u00e4ndige Auswahl aus meinem Leseregal). Sondern die auch die Eindr\u00fccke ausw\u00e4rts &#8211; vor Publikum. Lit.Cologne, M\u00fcnchner B\u00fccherschau, Seiteneinsteiger, Hamburger Vorlesevergn\u00fcgen, Leseland Hessen, Jugendbuchwochen in L\u00fcneburg &#8230; und das war nur eine kleine Auswahl der Highlights dieses Jahres. Wow. Und nochmals Wow. Wow-wow-wow.<\/p>\n<p>Ich kann&#8217;s eigentlich immer noch nicht richtig glauben, dass so viele gro\u00dfartige Lesefestivals Gefallen an meinen B\u00fcchern gefunden haben. Das war eine echte Ehre, dort lesen zu d\u00fcrfen.<\/p>\n<p><a href=\"https:\/\/www.linkslesestaerke.de\/wp-content\/uploads\/2016\/11\/L\u00fcneburg.jpg\"><img loading=\"lazy\" decoding=\"async\" src=\"https:\/\/www.linkslesestaerke.de\/wp-content\/uploads\/2016\/11\/L\u00fcneburg.jpg\" alt=\"lueneburg\" width=\"580\" height=\"324\" class=\"alignnone size-full wp-image-920\" srcset=\"https:\/\/www.linkslesestaerke.de\/wp-content\/uploads\/2016\/11\/L\u00fcneburg.jpg 580w, https:\/\/www.linkslesestaerke.de\/wp-content\/uploads\/2016\/11\/L\u00fcneburg-300x168.jpg 300w\" sizes=\"auto, (max-width: 580px) 100vw, 580px\" \/><\/a><\/p>\n<p>Daneben habe ich ganz reizende St\u00e4dte kennenlernen d\u00fcrfen, die sonst nie auf meinem Schirm gewesen w\u00e4ren: Kirchheim\/Teck, L\u00fcneburg oder Fulda zum Beispiel kannte ich bislang nur von Autobahnschildern. Dabei sind sie allein schon eine kleine Reise wert.  <\/p>\n<p>Und dann trifft man dazu gro\u00dfartige Kollegen wie Andreas Schl\u00fcter, Margit Auer, Cornelia Franz, Antje Szillat, Alice Panterm\u00fcller, Isabel Abedi, Stefanie Taschinski &#8230; <\/p>\n<p>Wenn dann auch noch wie in Andechs die Kinder ein Dankesch\u00f6n-Lied anstimmen und wie in Pollenfeld sich eine gesamte Grundschule zum Autogrammholen auf dem Unterarm anstellt, dann  bleibt auch bei mir kein Auge trocken.<\/p>\n<p>Also aus dieser <em>Speer-Speck-Tiefe<\/em> betrachtet war #2016 doch gar nicht so schlimm. Ganz im Gegenteil.<br \/>\n<a href=\"https:\/\/www.linkslesestaerke.de\/wp-content\/uploads\/2016\/09\/IMG_6546.jpg\"><img loading=\"lazy\" decoding=\"async\" src=\"https:\/\/www.linkslesestaerke.de\/wp-content\/uploads\/2016\/09\/IMG_6546.jpg\" alt=\"img_6546\" width=\"1280\" height=\"960\" class=\"alignnone size-full wp-image-824\" srcset=\"https:\/\/www.linkslesestaerke.de\/wp-content\/uploads\/2016\/09\/IMG_6546.jpg 1280w, https:\/\/www.linkslesestaerke.de\/wp-content\/uploads\/2016\/09\/IMG_6546-300x225.jpg 300w, https:\/\/www.linkslesestaerke.de\/wp-content\/uploads\/2016\/09\/IMG_6546-600x450.jpg 600w\" sizes=\"auto, (max-width: 1280px) 100vw, 1280px\" \/><\/a><\/p>\n","protected":false},"excerpt":{"rendered":"<p>#2016 hat ja eigentlich eher einen negativen Beigeschmack. So viele prominenente K\u00fcnstler hat dieses Jahr vorzeitig aus dem Leben gerissen, Brexit, Trumpwahl und die Ereignisse in Berlin sitzen uns alle <a class=\"more-link\" href=\"https:\/\/www.linkslesestaerke.de\/?p=966\">Continue Reading &rarr;<\/a><\/p>\n","protected":false},"author":3,"featured_media":0,"comment_status":"closed","ping_status":"open","sticky":false,"template":"","format":"standard","meta":{"_jetpack_memberships_contains_paid_content":false,"footnotes":"","jetpack_publicize_message":"","jetpack_publicize_feature_enabled":true,"jetpack_social_post_already_shared":true,"jetpack_social_options":{"image_generator_settings":{"template":"highway","default_image_id":0,"font":"","enabled":false},"version":2}},"categories":[1],"tags":[],"class_list":["post-966","post","type-post","status-publish","format-standard","hentry","category-unsortiert"],"jetpack_publicize_connections":[],"jetpack_featured_media_url":"","jetpack_shortlink":"https:\/\/wp.me\/p5diEV-fA","jetpack_sharing_enabled":true,"_links":{"self":[{"href":"https:\/\/www.linkslesestaerke.de\/index.php?rest_route=\/wp\/v2\/posts\/966","targetHints":{"allow":["GET"]}}],"collection":[{"href":"https:\/\/www.linkslesestaerke.de\/index.php?rest_route=\/wp\/v2\/posts"}],"about":[{"href":"https:\/\/www.linkslesestaerke.de\/index.php?rest_route=\/wp\/v2\/types\/post"}],"author":[{"embeddable":true,"href":"https:\/\/www.linkslesestaerke.de\/index.php?rest_route=\/wp\/v2\/users\/3"}],"replies":[{"embeddable":true,"href":"https:\/\/www.linkslesestaerke.de\/index.php?rest_route=%2Fwp%2Fv2%2Fcomments&post=966"}],"version-history":[{"count":2,"href":"https:\/\/www.linkslesestaerke.de\/index.php?rest_route=\/wp\/v2\/posts\/966\/revisions"}],"predecessor-version":[{"id":969,"href":"https:\/\/www.linkslesestaerke.de\/index.php?rest_route=\/wp\/v2\/posts\/966\/revisions\/969"}],"wp:attachment":[{"href":"https:\/\/www.linkslesestaerke.de\/index.php?rest_route=%2Fwp%2Fv2%2Fmedia&parent=966"}],"wp:term":[{"taxonomy":"category","embeddable":true,"href":"https:\/\/www.linkslesestaerke.de\/index.php?rest_route=%2Fwp%2Fv2%2Fcategories&post=966"},{"taxonomy":"post_tag","embeddable":true,"href":"https:\/\/www.linkslesestaerke.de\/index.php?rest_route=%2Fwp%2Fv2%2Ftags&post=966"}],"curies":[{"name":"wp","href":"https:\/\/api.w.org\/{rel}","templated":true}]}}