{"id":479,"date":"2015-12-10T12:08:26","date_gmt":"2015-12-10T11:08:26","guid":{"rendered":"http:\/\/linkslesestaerke.de\/?p=479"},"modified":"2015-12-10T12:09:18","modified_gmt":"2015-12-10T11:09:18","slug":"linkslesemut-kommt-im-februar","status":"publish","type":"post","link":"https:\/\/www.linkslesestaerke.de\/?p=479","title":{"rendered":"Linkslesemut kommt im Februar"},"content":{"rendered":"<p><a href=\"http:\/\/linkslesestaerke.de\/wp-content\/uploads\/2015\/12\/978-3-570-16340-5.jpg\"><img loading=\"lazy\" decoding=\"async\" src=\"http:\/\/linkslesestaerke.de\/wp-content\/uploads\/2015\/12\/978-3-570-16340-5.jpg\" alt=\"978-3-570-16340-5\" width=\"650\" height=\"883\" class=\"alignnone size-full wp-image-480\" srcset=\"https:\/\/www.linkslesestaerke.de\/wp-content\/uploads\/2015\/12\/978-3-570-16340-5.jpg 650w, https:\/\/www.linkslesestaerke.de\/wp-content\/uploads\/2015\/12\/978-3-570-16340-5-221x300.jpg 221w, https:\/\/www.linkslesestaerke.de\/wp-content\/uploads\/2015\/12\/978-3-570-16340-5-600x815.jpg 600w\" sizes=\"auto, (max-width: 650px) 100vw, 650px\" \/><\/a><\/p>\n<p>Am 29. Februar, also p\u00fcnktlich zu Anjas Geburtstag, erscheint Band 2 der Linkslese-Reihe. Das neue Buch hei\u00dft &#8222;Linkslesemut oder: Die Sache mit dem Versiebtlein&#8220;. Und live h\u00f6ren k\u00f6nnt ihr die neuen Abenteuer auch gleich im M\u00e4rz, zum Beispiel auf der lit.Cologne. Da sind zwei Klasse-Buch-Lesungen mit &#8222;Linkslesemut&#8220; am 17. M\u00e4rz geplant.<\/p>\n<p>Wie der verdrehte Titel schon andeutet, ist bei Mira auch dieses Mal einiges verdreht. Nicht nur die Buchstaben, sondern viel mehr. Vor allem der Kopf ihrer Freunde. Die sind irgendwie alle gerade verliebt. Und das, wo Mira selbst mit Liebe so gar nichts am Hut hat. Sie braucht dringend indische Weisheit, um selbst keinen Drehwurm zu bekommen. Als weise Dr. Ku, Kummerkastentante der Sch\u00fclerzeitung, erteilt sie Ratschl\u00e4ge in Sachen Versiebtlein. Nur nachdem die strenge <em>Reck-Tor-in <\/em>ihren Artikel \u00fcber die Schulregeln verbieten will und nach einer waschechten D\u00e4mon-Station, hat Mira pl\u00f6tzlich selbst Rat n\u00f6tig. Dr. Ku kann sie ja wohl schlecht fragen&#8230;<\/p>\n<p>Mehr dazu unter: <a href=\"http:\/\/linkslesestaerke.de\/?page_id=30\">&#8222;Die B\u00fccher&#8220;<\/a><\/p>\n","protected":false},"excerpt":{"rendered":"<p>Am 29. Februar, also p\u00fcnktlich zu Anjas Geburtstag, erscheint Band 2 der Linkslese-Reihe. Das neue Buch hei\u00dft &#8222;Linkslesemut oder: Die Sache mit dem Versiebtlein&#8220;. Und live h\u00f6ren k\u00f6nnt ihr die <a class=\"more-link\" href=\"https:\/\/www.linkslesestaerke.de\/?p=479\">Continue Reading &rarr;<\/a><\/p>\n","protected":false},"author":3,"featured_media":0,"comment_status":"open","ping_status":"open","sticky":false,"template":"","format":"standard","meta":{"_jetpack_memberships_contains_paid_content":false,"footnotes":"","jetpack_publicize_message":"","jetpack_publicize_feature_enabled":true,"jetpack_social_post_already_shared":true,"jetpack_social_options":{"image_generator_settings":{"template":"highway","default_image_id":0,"font":"","enabled":false},"version":2}},"categories":[1],"tags":[],"class_list":["post-479","post","type-post","status-publish","format-standard","hentry","category-unsortiert"],"jetpack_publicize_connections":[],"jetpack_featured_media_url":"","jetpack_shortlink":"https:\/\/wp.me\/p5diEV-7J","jetpack_sharing_enabled":true,"_links":{"self":[{"href":"https:\/\/www.linkslesestaerke.de\/index.php?rest_route=\/wp\/v2\/posts\/479","targetHints":{"allow":["GET"]}}],"collection":[{"href":"https:\/\/www.linkslesestaerke.de\/index.php?rest_route=\/wp\/v2\/posts"}],"about":[{"href":"https:\/\/www.linkslesestaerke.de\/index.php?rest_route=\/wp\/v2\/types\/post"}],"author":[{"embeddable":true,"href":"https:\/\/www.linkslesestaerke.de\/index.php?rest_route=\/wp\/v2\/users\/3"}],"replies":[{"embeddable":true,"href":"https:\/\/www.linkslesestaerke.de\/index.php?rest_route=%2Fwp%2Fv2%2Fcomments&post=479"}],"version-history":[{"count":2,"href":"https:\/\/www.linkslesestaerke.de\/index.php?rest_route=\/wp\/v2\/posts\/479\/revisions"}],"predecessor-version":[{"id":482,"href":"https:\/\/www.linkslesestaerke.de\/index.php?rest_route=\/wp\/v2\/posts\/479\/revisions\/482"}],"wp:attachment":[{"href":"https:\/\/www.linkslesestaerke.de\/index.php?rest_route=%2Fwp%2Fv2%2Fmedia&parent=479"}],"wp:term":[{"taxonomy":"category","embeddable":true,"href":"https:\/\/www.linkslesestaerke.de\/index.php?rest_route=%2Fwp%2Fv2%2Fcategories&post=479"},{"taxonomy":"post_tag","embeddable":true,"href":"https:\/\/www.linkslesestaerke.de\/index.php?rest_route=%2Fwp%2Fv2%2Ftags&post=479"}],"curies":[{"name":"wp","href":"https:\/\/api.w.org\/{rel}","templated":true}]}}