{"id":2287,"date":"2024-11-13T00:36:21","date_gmt":"2024-11-12T23:36:21","guid":{"rendered":"https:\/\/www.linkslesestaerke.de\/?p=2287"},"modified":"2024-11-14T19:56:14","modified_gmt":"2024-11-14T18:56:14","slug":"blaetterrauschen-im-blaetterwald","status":"publish","type":"post","link":"https:\/\/www.linkslesestaerke.de\/?p=2287","title":{"rendered":"Bl\u00e4tterrauschen im Bl\u00e4tterwald"},"content":{"rendered":"<div class=\"wp-block-image\">\n<figure class=\"alignleft size-full is-resized\"><img loading=\"lazy\" decoding=\"async\" src=\"https:\/\/www.linkslesestaerke.de\/wp-content\/uploads\/2024\/11\/465407914_18470862151005172_8101560962649219545_n.jpg\" alt=\"\" class=\"wp-image-2289\" width=\"273\" height=\"273\" srcset=\"https:\/\/www.linkslesestaerke.de\/wp-content\/uploads\/2024\/11\/465407914_18470862151005172_8101560962649219545_n.jpg 526w, https:\/\/www.linkslesestaerke.de\/wp-content\/uploads\/2024\/11\/465407914_18470862151005172_8101560962649219545_n-300x300.jpg 300w, https:\/\/www.linkslesestaerke.de\/wp-content\/uploads\/2024\/11\/465407914_18470862151005172_8101560962649219545_n-150x150.jpg 150w\" sizes=\"auto, (max-width: 273px) 100vw, 273px\" \/><\/figure>\n<\/div>\n\n\n<p>&#8222;Es gab ein Tosen und ein Rauschen. Und pl\u00f6tzlich fielen die Bl\u00e4tter vom Baum. Alle auf einmal. Mit einem Schlag war der Baum kahl wie im Winter&#8220;. Bei &#8222;Fanny und der fast perfekte Fee&#8220; zaubert der Fee Jerome einmal so falsch, dass die Buche im Hof pl\u00f6tzlich im Sommer alle Bl\u00e4tter verliert. Auch in der &#8222;Linkslesest\u00e4rke&#8220; gibt es eine lustige Szene in einem laubfreien Baum im November-Herbst. <\/p>\n\n\n\n<p>Das war ja fast das Motto dieser drei wunderbaren Tage beim Bl\u00e4tterwald im Landkreis Forchheim &#8211; denn viele Bl\u00e4tter hatten die B\u00e4ume nicht mehr. Und es war auch richtig k\u00fchl bereits. Aber die sechs Lesungen, die mich bis in die Fr\u00e4nkische Schweiz gef\u00fchrt haben, waren so wohlf\u00fchlwarm, dass das Drau\u00dfen sowieso v\u00f6llig egal war. Das lag bestimmt an dem herzerw\u00e4rmenden Willkommen in den Schulen, den \u00fcbervollen Verpflegungstellern, den unglaublich langen Signierschlangen und auch &#8211; und das ganz besonders &#8211; an den netten Betreuerinnen aus dem Landkreis. <\/p>\n\n\n<div class=\"wp-block-image\">\n<figure class=\"alignright size-large is-resized\"><img loading=\"lazy\" decoding=\"async\" src=\"https:\/\/www.linkslesestaerke.de\/wp-content\/uploads\/2024\/11\/465877628_18471218686005172_5516969642427552466_n-1280x1280.jpg\" alt=\"\" class=\"wp-image-2288\" width=\"215\" height=\"215\" srcset=\"https:\/\/www.linkslesestaerke.de\/wp-content\/uploads\/2024\/11\/465877628_18471218686005172_5516969642427552466_n-1280x1280.jpg 1280w, https:\/\/www.linkslesestaerke.de\/wp-content\/uploads\/2024\/11\/465877628_18471218686005172_5516969642427552466_n-300x300.jpg 300w, https:\/\/www.linkslesestaerke.de\/wp-content\/uploads\/2024\/11\/465877628_18471218686005172_5516969642427552466_n-150x150.jpg 150w, https:\/\/www.linkslesestaerke.de\/wp-content\/uploads\/2024\/11\/465877628_18471218686005172_5516969642427552466_n-768x768.jpg 768w, https:\/\/www.linkslesestaerke.de\/wp-content\/uploads\/2024\/11\/465877628_18471218686005172_5516969642427552466_n.jpg 1440w\" sizes=\"auto, (max-width: 215px) 100vw, 215px\" \/><\/figure>\n<\/div>\n\n\n<p>Die Literaturp\u00e4dagogin Ingeborg Taube, Buchh\u00e4ndlerin Heike Schade (aus dem sehr feinen Buchladen das blaue St\u00e4ffala) und die Organisatorin Ramona Gebhard haben pers\u00f6nlich daf\u00fcr gesorgt, dass die Autorin gut zu den Lesungsorten kam, dass alle prima vorbereitet waren und alle schon genau wussten, wer da zu ihnen kam. In einer Klasse hatten sie so viele gelbe Fragezettel, dass wir eine geschlagene halbe Stunde f\u00fcrs Beantworten gebraucht haben. Eine echt au\u00dfergew\u00f6hnliche Autorenbegegnung. Und dann durfte ich ebenso auf der anderen Seite einer Kollegin begegnen &#8211; bei der abendlichen Lesung der spannenden &#8222;Erwachsenen&#8220;-Autorin Anja Jonuleit. Die kannte ich bisher noch nicht, obwohl die Autovervollst\u00e4ndigung bei Amazon bei &#8222;Anja J&#8230;&#8220; immer gleich Jonuleit und nicht Janotta aus dem J macht. <\/p>\n\n\n<div class=\"wp-block-image\">\n<figure class=\"alignleft size-large is-resized\"><img loading=\"lazy\" decoding=\"async\" src=\"https:\/\/www.linkslesestaerke.de\/wp-content\/uploads\/2024\/11\/465900857_18471218641005172_5561428478911291015_n-1280x1280.jpg\" alt=\"\" class=\"wp-image-2295\" width=\"210\" height=\"210\" srcset=\"https:\/\/www.linkslesestaerke.de\/wp-content\/uploads\/2024\/11\/465900857_18471218641005172_5561428478911291015_n-1280x1280.jpg 1280w, https:\/\/www.linkslesestaerke.de\/wp-content\/uploads\/2024\/11\/465900857_18471218641005172_5561428478911291015_n-300x300.jpg 300w, https:\/\/www.linkslesestaerke.de\/wp-content\/uploads\/2024\/11\/465900857_18471218641005172_5561428478911291015_n-150x150.jpg 150w, https:\/\/www.linkslesestaerke.de\/wp-content\/uploads\/2024\/11\/465900857_18471218641005172_5561428478911291015_n-768x769.jpg 768w, https:\/\/www.linkslesestaerke.de\/wp-content\/uploads\/2024\/11\/465900857_18471218641005172_5561428478911291015_n.jpg 1439w\" sizes=\"auto, (max-width: 210px) 100vw, 210px\" \/><\/figure>\n<\/div>\n\n\n<p>Danke f\u00fcr dieses sch\u00f6ne B\u00fccherfest an alle Beteiligten. \u00dcbrigens absolut empfehlenswert: Die begleitende Ausstellung von Lesezeichen aus aller Welt in der B\u00fccherei Forchheim. Hier finden sich auch Einleger mit Kafka, K\u00e4stner und anderen Schriftstellern. Von gekl\u00f6ppelten \u00fcber geflochtenen bis hin zu mit Entharsien verzierten Exemplaren.<\/p>\n\n\n\n<p>Auch wenn es eine sehr ernste Geschichte eines Kindes gab, die mich am Rande sehr besch\u00e4ftigt hat. Denn manchmal ist es so, dass die W\u00fcnsche an den Fee nicht einfach ein Hamster, eine T\u00fcte S\u00fc\u00dfigkeiten oder Hausaufgabenfrei sind, sondern ganz andere, ganz existenzielle, ganz schlimme. Und die Autorin bleibt sprachlos zur\u00fcck, weil ihr im Moment die Worte fehlen, wenn Ihr solch Geschichten anvertraut werden, die hilflos machen. Auf diese Geschichte m\u00f6chte ich keinen Feenstaub streuen und Hokuspokus verspr\u00fchen. Hier m\u00f6chte ich mit der versammelten Kraft aller Freundinnen und Freunde dieses M\u00e4dchens mir w\u00fcnschen, dass sie so warm und mitf\u00fchlend aufgefangen wird wie sie es gerade braucht.<\/p>\n\n\n\n<p>Als kleine Erg\u00e4nzung, hier sind noch die beiden mitgebrachten neuen Wortspiele der Lesereise f\u00fcr die Wort-Acker-dem-ih:<\/p>\n\n\n\n<figure class=\"wp-block-gallery has-nested-images columns-default is-cropped wp-block-gallery-1 is-layout-flex wp-block-gallery-is-layout-flex\">\n<figure class=\"wp-block-image size-large\"><img loading=\"lazy\" decoding=\"async\" width=\"528\" height=\"324\" data-id=\"2278\" src=\"https:\/\/www.linkslesestaerke.de\/wp-content\/uploads\/2024\/11\/Hunde-muede.jpg\" alt=\"\" class=\"wp-image-2278\" srcset=\"https:\/\/www.linkslesestaerke.de\/wp-content\/uploads\/2024\/11\/Hunde-muede.jpg 528w, https:\/\/www.linkslesestaerke.de\/wp-content\/uploads\/2024\/11\/Hunde-muede-300x184.jpg 300w\" sizes=\"auto, (max-width: 528px) 100vw, 528px\" \/><figcaption class=\"wp-element-caption\">Hunde-m\u00fcde<\/figcaption><\/figure>\n\n\n\n<figure class=\"wp-block-image size-large\"><img loading=\"lazy\" decoding=\"async\" width=\"528\" height=\"324\" data-id=\"2277\" src=\"https:\/\/www.linkslesestaerke.de\/wp-content\/uploads\/2024\/11\/Auto-Chor-Reck-Tur.jpg\" alt=\"\" class=\"wp-image-2277\" srcset=\"https:\/\/www.linkslesestaerke.de\/wp-content\/uploads\/2024\/11\/Auto-Chor-Reck-Tur.jpg 528w, https:\/\/www.linkslesestaerke.de\/wp-content\/uploads\/2024\/11\/Auto-Chor-Reck-Tur-300x184.jpg 300w\" sizes=\"auto, (max-width: 528px) 100vw, 528px\" \/><figcaption class=\"wp-element-caption\">Auto-Chor-Reck-Tour<\/figcaption><\/figure>\n<\/figure>\n","protected":false},"excerpt":{"rendered":"<p>&#8222;Es gab ein Tosen und ein Rauschen. Und pl\u00f6tzlich fielen die Bl\u00e4tter vom Baum. Alle auf einmal. Mit einem Schlag war der Baum kahl wie im Winter&#8220;. Bei &#8222;Fanny und <a class=\"more-link\" href=\"https:\/\/www.linkslesestaerke.de\/?p=2287\">Continue Reading &rarr;<\/a><\/p>\n","protected":false},"author":3,"featured_media":0,"comment_status":"closed","ping_status":"open","sticky":false,"template":"","format":"standard","meta":{"_jetpack_memberships_contains_paid_content":false,"footnotes":"","jetpack_publicize_message":"","jetpack_publicize_feature_enabled":true,"jetpack_social_post_already_shared":false,"jetpack_social_options":{"image_generator_settings":{"template":"highway","default_image_id":0,"font":"","enabled":false},"version":2}},"categories":[1],"tags":[],"class_list":["post-2287","post","type-post","status-publish","format-standard","hentry","category-unsortiert"],"jetpack_publicize_connections":[],"jetpack_featured_media_url":"","jetpack_shortlink":"https:\/\/wp.me\/p5diEV-AT","jetpack_sharing_enabled":true,"_links":{"self":[{"href":"https:\/\/www.linkslesestaerke.de\/index.php?rest_route=\/wp\/v2\/posts\/2287","targetHints":{"allow":["GET"]}}],"collection":[{"href":"https:\/\/www.linkslesestaerke.de\/index.php?rest_route=\/wp\/v2\/posts"}],"about":[{"href":"https:\/\/www.linkslesestaerke.de\/index.php?rest_route=\/wp\/v2\/types\/post"}],"author":[{"embeddable":true,"href":"https:\/\/www.linkslesestaerke.de\/index.php?rest_route=\/wp\/v2\/users\/3"}],"replies":[{"embeddable":true,"href":"https:\/\/www.linkslesestaerke.de\/index.php?rest_route=%2Fwp%2Fv2%2Fcomments&post=2287"}],"version-history":[{"count":4,"href":"https:\/\/www.linkslesestaerke.de\/index.php?rest_route=\/wp\/v2\/posts\/2287\/revisions"}],"predecessor-version":[{"id":2296,"href":"https:\/\/www.linkslesestaerke.de\/index.php?rest_route=\/wp\/v2\/posts\/2287\/revisions\/2296"}],"wp:attachment":[{"href":"https:\/\/www.linkslesestaerke.de\/index.php?rest_route=%2Fwp%2Fv2%2Fmedia&parent=2287"}],"wp:term":[{"taxonomy":"category","embeddable":true,"href":"https:\/\/www.linkslesestaerke.de\/index.php?rest_route=%2Fwp%2Fv2%2Fcategories&post=2287"},{"taxonomy":"post_tag","embeddable":true,"href":"https:\/\/www.linkslesestaerke.de\/index.php?rest_route=%2Fwp%2Fv2%2Ftags&post=2287"}],"curies":[{"name":"wp","href":"https:\/\/api.w.org\/{rel}","templated":true}]}}