{"id":2280,"date":"2024-11-01T15:37:54","date_gmt":"2024-11-01T14:37:54","guid":{"rendered":"https:\/\/www.linkslesestaerke.de\/?p=2280"},"modified":"2024-11-11T16:36:44","modified_gmt":"2024-11-11T15:36:44","slug":"schweiz-im-nebel","status":"publish","type":"post","link":"https:\/\/www.linkslesestaerke.de\/?p=2280","title":{"rendered":"Schweiz im Nebel"},"content":{"rendered":"<div class=\"wp-block-image\">\n<figure class=\"alignleft size-large is-resized\"><img loading=\"lazy\" decoding=\"async\" src=\"https:\/\/www.linkslesestaerke.de\/wp-content\/uploads\/2024\/11\/464495650_18469238971005172_4271319053595456504_n-1280x1280.jpg\" alt=\"\" class=\"wp-image-2281\" width=\"160\" height=\"160\" srcset=\"https:\/\/www.linkslesestaerke.de\/wp-content\/uploads\/2024\/11\/464495650_18469238971005172_4271319053595456504_n-1280x1280.jpg 1280w, https:\/\/www.linkslesestaerke.de\/wp-content\/uploads\/2024\/11\/464495650_18469238971005172_4271319053595456504_n-300x300.jpg 300w, https:\/\/www.linkslesestaerke.de\/wp-content\/uploads\/2024\/11\/464495650_18469238971005172_4271319053595456504_n-150x150.jpg 150w, https:\/\/www.linkslesestaerke.de\/wp-content\/uploads\/2024\/11\/464495650_18469238971005172_4271319053595456504_n-768x768.jpg 768w, https:\/\/www.linkslesestaerke.de\/wp-content\/uploads\/2024\/11\/464495650_18469238971005172_4271319053595456504_n.jpg 1440w\" sizes=\"auto, (max-width: 160px) 100vw, 160px\" \/><\/figure>\n<\/div>\n\n\n<p>Liebes Luzern, dreimal habe ich es probiert. Dreimal hat der Wettergott mit mir Scharade gespielt. Zweimal war es verregnet. Nach einem halben Tag Sonne war die Stadt vollkommen vernebelt. Aber ich sage es immer noch: Das sind die Wermutstropfen in einer ansonsten immer sehr sch\u00f6nen Wochen. Dieses Mal mit ausnahmslos sehr kreativen Kindern in Ebikon, Emmenbr\u00fccke und Buttisholz. <\/p>\n\n\n<div class=\"wp-block-image\">\n<figure class=\"alignright size-large is-resized\"><img loading=\"lazy\" decoding=\"async\" src=\"https:\/\/www.linkslesestaerke.de\/wp-content\/uploads\/2024\/11\/465007477_18469373551005172_7683237206314422845_n-1280x1280.jpg\" alt=\"\" class=\"wp-image-2282\" width=\"148\" height=\"148\" srcset=\"https:\/\/www.linkslesestaerke.de\/wp-content\/uploads\/2024\/11\/465007477_18469373551005172_7683237206314422845_n-1280x1280.jpg 1280w, https:\/\/www.linkslesestaerke.de\/wp-content\/uploads\/2024\/11\/465007477_18469373551005172_7683237206314422845_n-300x300.jpg 300w, https:\/\/www.linkslesestaerke.de\/wp-content\/uploads\/2024\/11\/465007477_18469373551005172_7683237206314422845_n-150x150.jpg 150w, https:\/\/www.linkslesestaerke.de\/wp-content\/uploads\/2024\/11\/465007477_18469373551005172_7683237206314422845_n-768x768.jpg 768w, https:\/\/www.linkslesestaerke.de\/wp-content\/uploads\/2024\/11\/465007477_18469373551005172_7683237206314422845_n.jpg 1440w\" sizes=\"auto, (max-width: 148px) 100vw, 148px\" \/><\/figure>\n<\/div>\n\n\n<p>Wegen Nebel bin ich dann nicht auf den Berg gestiegen. Aber auch so w\u00e4re ich wahrscheinlich kein guter Bergg\u00e4nger. Denn ich habe massive H\u00f6henangst und neue Wege jagen mir ziemlich Angst haben. Deswegen bin ich dann doch lieber \u00fcber den Vierwaldtst\u00e4tter See nach Hergilswil geschippert, der sehr, sehr, sehr nebelverhangen war. Ab und zu stach aus dem Brei ein Schiffchen heraus &#8211; das hatte fast schon was Gespentisches. In Hergilswil gibt es eine Glasfabrik mit langer Tradition.<\/p>\n\n\n<div class=\"wp-block-image\">\n<figure class=\"alignleft size-full is-resized\"><img loading=\"lazy\" decoding=\"async\" src=\"https:\/\/www.linkslesestaerke.de\/wp-content\/uploads\/2024\/11\/465190956_18469650769005172_3970270400574722501_n.jpg\" alt=\"\" class=\"wp-image-2283\" width=\"163\" height=\"163\" srcset=\"https:\/\/www.linkslesestaerke.de\/wp-content\/uploads\/2024\/11\/465190956_18469650769005172_3970270400574722501_n.jpg 526w, https:\/\/www.linkslesestaerke.de\/wp-content\/uploads\/2024\/11\/465190956_18469650769005172_3970270400574722501_n-300x300.jpg 300w, https:\/\/www.linkslesestaerke.de\/wp-content\/uploads\/2024\/11\/465190956_18469650769005172_3970270400574722501_n-150x150.jpg 150w\" sizes=\"auto, (max-width: 163px) 100vw, 163px\" \/><\/figure>\n<\/div>\n\n\n<p>Glas ist tats\u00e4chlich etwas, was mich schon lange begleitet, sp\u00e4testens seit einem eigenen Glasblaskurs vor ein paar Jahren. Zu jeder Lesung trage ich eine selbstgemachte t\u00fcrkisfarbene Glasperle &#8211; mein Gl\u00fccksbringer. Klar doch, dass man sich dann nicht nur die Glas\u00f6fen der Fabrik anschaut und bei dieser Gelegenheit auch mal eine eigene Glaskugel bl\u00e4st. <\/p>\n\n\n<div class=\"wp-block-image\">\n<figure class=\"alignright size-large is-resized\"><img loading=\"lazy\" decoding=\"async\" src=\"https:\/\/www.linkslesestaerke.de\/wp-content\/uploads\/2024\/11\/465001889_18469238980005172_2109447565240074224_n-1280x1280.jpg\" alt=\"\" class=\"wp-image-2284\" width=\"192\" height=\"192\" srcset=\"https:\/\/www.linkslesestaerke.de\/wp-content\/uploads\/2024\/11\/465001889_18469238980005172_2109447565240074224_n-1280x1280.jpg 1280w, https:\/\/www.linkslesestaerke.de\/wp-content\/uploads\/2024\/11\/465001889_18469238980005172_2109447565240074224_n-300x300.jpg 300w, https:\/\/www.linkslesestaerke.de\/wp-content\/uploads\/2024\/11\/465001889_18469238980005172_2109447565240074224_n-150x150.jpg 150w, https:\/\/www.linkslesestaerke.de\/wp-content\/uploads\/2024\/11\/465001889_18469238980005172_2109447565240074224_n-768x768.jpg 768w, https:\/\/www.linkslesestaerke.de\/wp-content\/uploads\/2024\/11\/465001889_18469238980005172_2109447565240074224_n.jpg 1440w\" sizes=\"auto, (max-width: 192px) 100vw, 192px\" \/><\/figure>\n<\/div>\n\n\n<p>Einzige Herausforderung: Mit viel Lesungsgep\u00e4ck das zerbrechliche Gebilde nach Hause schippern. Das hat geklappt, uff. Jetzt habe ich eine t\u00e4gliche Erinnerung an die sch\u00f6nen Tage in Luzern. Vielen herzlichen Dank an Leslie Schnyder und ihr reizendes Team, die Rebstock-Wirtin Claudia Moser, die uns nicht nur in ihrem Hotel, sondern immer ganz pers\u00f6nlich willkommen hei\u00dft. Damit es eine rundum schillernd-sch\u00f6ne Geschichte wird. <\/p>\n","protected":false},"excerpt":{"rendered":"<p>Liebes Luzern, dreimal habe ich es probiert. Dreimal hat der Wettergott mit mir Scharade gespielt. Zweimal war es verregnet. Nach einem halben Tag Sonne war die Stadt vollkommen vernebelt. Aber <a class=\"more-link\" href=\"https:\/\/www.linkslesestaerke.de\/?p=2280\">Continue Reading &rarr;<\/a><\/p>\n","protected":false},"author":3,"featured_media":0,"comment_status":"closed","ping_status":"open","sticky":false,"template":"","format":"standard","meta":{"_jetpack_memberships_contains_paid_content":false,"footnotes":"","jetpack_publicize_message":"","jetpack_publicize_feature_enabled":true,"jetpack_social_post_already_shared":false,"jetpack_social_options":{"image_generator_settings":{"template":"highway","default_image_id":0,"font":"","enabled":false},"version":2}},"categories":[1],"tags":[],"class_list":["post-2280","post","type-post","status-publish","format-standard","hentry","category-unsortiert"],"jetpack_publicize_connections":[],"jetpack_featured_media_url":"","jetpack_shortlink":"https:\/\/wp.me\/p5diEV-AM","jetpack_sharing_enabled":true,"_links":{"self":[{"href":"https:\/\/www.linkslesestaerke.de\/index.php?rest_route=\/wp\/v2\/posts\/2280","targetHints":{"allow":["GET"]}}],"collection":[{"href":"https:\/\/www.linkslesestaerke.de\/index.php?rest_route=\/wp\/v2\/posts"}],"about":[{"href":"https:\/\/www.linkslesestaerke.de\/index.php?rest_route=\/wp\/v2\/types\/post"}],"author":[{"embeddable":true,"href":"https:\/\/www.linkslesestaerke.de\/index.php?rest_route=\/wp\/v2\/users\/3"}],"replies":[{"embeddable":true,"href":"https:\/\/www.linkslesestaerke.de\/index.php?rest_route=%2Fwp%2Fv2%2Fcomments&post=2280"}],"version-history":[{"count":2,"href":"https:\/\/www.linkslesestaerke.de\/index.php?rest_route=\/wp\/v2\/posts\/2280\/revisions"}],"predecessor-version":[{"id":2286,"href":"https:\/\/www.linkslesestaerke.de\/index.php?rest_route=\/wp\/v2\/posts\/2280\/revisions\/2286"}],"wp:attachment":[{"href":"https:\/\/www.linkslesestaerke.de\/index.php?rest_route=%2Fwp%2Fv2%2Fmedia&parent=2280"}],"wp:term":[{"taxonomy":"category","embeddable":true,"href":"https:\/\/www.linkslesestaerke.de\/index.php?rest_route=%2Fwp%2Fv2%2Fcategories&post=2280"},{"taxonomy":"post_tag","embeddable":true,"href":"https:\/\/www.linkslesestaerke.de\/index.php?rest_route=%2Fwp%2Fv2%2Ftags&post=2280"}],"curies":[{"name":"wp","href":"https:\/\/api.w.org\/{rel}","templated":true}]}}